{"id":13056,"date":"2026-08-31T09:43:04","date_gmt":"2026-08-31T08:43:04","guid":{"rendered":"https:\/\/b1-akt.com\/FR\/?p=13056"},"modified":"2026-09-03T11:07:30","modified_gmt":"2026-09-03T10:07:30","slug":"b1-akt-x-bipolarite-france-partnership-annoucement","status":"publish","type":"post","link":"https:\/\/b1-akt.com\/FR\/b1-akt-x-bipolarite-france-partnership-annoucement\/","title":{"rendered":"B1-AKT X BIPOLARITE FRANCE PARTENARIAT"},"content":{"rendered":"\n<p><strong>B1-AKT est fier de s\u2019associer \u00e0 Bipolarit\u00e9 France.<\/strong>&nbsp; Notre ambition commune : faire de la sant\u00e9 mentale et de la <strong>neurodiversit\u00e9 <\/strong>un facteur de leadership et de <strong>performance collective et durable<\/strong> des organisations.&nbsp;<\/p>\n\n\n\n<p>Ensemble, nous formons et <strong>accompagnons<\/strong> <strong>la transformation vers les ORGANISATIONS SENSIBLES<sup>\u00a9<\/sup><\/strong>\u202f: p\u00e9rennes et performantes globalement, respectueuses des individus, incluant la neurodiversit\u00e9 et le bien-\u00eatre au travail, porteuses de sens, capables de r\u00e9pondre aux besoins manag\u00e9riaux de tous.&nbsp; Nous donnons aux managers et aux \u00e9quipes des <strong>m\u00e9thodes de management humanistes et innovantes<\/strong>, des outils concrets de communication, afin de d\u00e9velopper l\u2019intelligence \u00e9motionnelle individuelle et collective, facteur cl\u00e9 de succ\u00e8s des organisations performantes et saines.&nbsp;<\/p>\n\n\n\n<!--more-->\n\n\n\n<p><strong>B1-AKT X Bipolarit\u00e9 France<\/strong><em>.<\/em>&nbsp;&nbsp;<\/p>\n\n\n\n<figure class=\"wp-block-image size-large\"><a href=\"https:\/\/b1-akt.com\/FR\/wp-content\/uploads\/2026\/08\/2026-09-01-PRESENTATION-English.jpg\"><img loading=\"lazy\" width=\"1024\" height=\"576\" src=\"https:\/\/b1-akt.com\/FR\/wp-content\/uploads\/2026\/08\/2026-09-01-PRESENTATION-English-1024x576.jpg\" alt=\"\" class=\"wp-image-13059\" srcset=\"https:\/\/b1-akt.com\/FR\/wp-content\/uploads\/2026\/08\/2026-09-01-PRESENTATION-English-1024x576.jpg 1024w, https:\/\/b1-akt.com\/FR\/wp-content\/uploads\/2026\/08\/2026-09-01-PRESENTATION-English-300x169.jpg 300w, https:\/\/b1-akt.com\/FR\/wp-content\/uploads\/2026\/08\/2026-09-01-PRESENTATION-English-768x432.jpg 768w, https:\/\/b1-akt.com\/FR\/wp-content\/uploads\/2026\/08\/2026-09-01-PRESENTATION-English-700x394.jpg 700w, https:\/\/b1-akt.com\/FR\/wp-content\/uploads\/2026\/08\/2026-09-01-PRESENTATION-English-539x303.jpg 539w, https:\/\/b1-akt.com\/FR\/wp-content\/uploads\/2026\/08\/2026-09-01-PRESENTATION-English.jpg 1280w\" sizes=\"(max-width: 1024px) 100vw, 1024px\" \/><\/a><\/figure>\n\n\n\n<p>&#x1f517; <strong>Bipolarit\u00e9 France :<\/strong> <a href=\"https:\/\/bipolaritefrance.com\/\" target=\"_blank\" rel=\"noreferrer noopener\">https:\/\/bipolaritefrance.com\/<\/a>&nbsp;<\/p>\n\n\n\n<p><strong><em>Bipolarit\u00e9 France, association d\u2019int\u00e9r\u00eat g\u00e9n\u00e9ral, membre du\u202fr\u00e9seau <\/em><\/strong><em>\u00ab\u202f<\/em><strong><em>European Network for Bipolar<\/em><\/strong><em>\u202f\u00bb, inscrit son action dans une dynamique europ\u00e9enne afin de partager les bonnes pratiques, soutenir l&rsquo;innovation et faire progresser les politiques publiques en faveur de la bipolarit\u00e9 et plus largement de la sant\u00e9 mentale. Elle d\u00e9veloppe des programmes de recherche et soutient des projets solidaires. Cr\u00e9atrice de Bipolar Pathway : outil num\u00e9rique au service des parcours.&nbsp;<\/em><\/p>\n\n\n\n<div class=\"wp-block-image\"><figure class=\"aligncenter size-large is-resized\"><a href=\"https:\/\/bipolaritefrance.com\/\" target=\"_blank\" rel=\"noopener\"><img loading=\"lazy\" src=\"https:\/\/b1-akt.com\/FR\/wp-content\/uploads\/2026\/09\/ChatGPT-Image-2-sept.-2026-09_05_04-1024x341.png\" alt=\"\" class=\"wp-image-13150\" width=\"258\" height=\"85\" srcset=\"https:\/\/b1-akt.com\/FR\/wp-content\/uploads\/2026\/09\/ChatGPT-Image-2-sept.-2026-09_05_04-1024x341.png 1024w, https:\/\/b1-akt.com\/FR\/wp-content\/uploads\/2026\/09\/ChatGPT-Image-2-sept.-2026-09_05_04-300x100.png 300w, https:\/\/b1-akt.com\/FR\/wp-content\/uploads\/2026\/09\/ChatGPT-Image-2-sept.-2026-09_05_04-768x256.png 768w, https:\/\/b1-akt.com\/FR\/wp-content\/uploads\/2026\/09\/ChatGPT-Image-2-sept.-2026-09_05_04-1536x512.png 1536w, https:\/\/b1-akt.com\/FR\/wp-content\/uploads\/2026\/09\/ChatGPT-Image-2-sept.-2026-09_05_04-2048x683.png 2048w, https:\/\/b1-akt.com\/FR\/wp-content\/uploads\/2026\/09\/ChatGPT-Image-2-sept.-2026-09_05_04-700x233.png 700w\" sizes=\"(max-width: 258px) 100vw, 258px\" \/><\/a><\/figure><\/div>\n\n\n\n<p>&#x1f517; <strong>B1-AKT <\/strong><strong>Leading Sustainable Strategies &amp; Communication<\/strong> <strong>:<\/strong> <a href=\"https:\/\/b1-akt.com\/FR\/\" target=\"_blank\" rel=\"noreferrer noopener\">https:\/\/b1-akt.com\/FR\/<\/a>&nbsp;<\/p>\n\n\n\n<p><strong><em>B1-AKT<\/em><\/strong><em>\u202f<\/em><strong><em>est un cabinet international de conseil<\/em><\/strong><em> <\/em><strong><em>et<\/em><\/strong><em> <\/em><strong><em>organisme de formation certifi\u00e9 Qualiopi<\/em><\/strong><em>. Il accompagne les entreprises, les institutions et les organisations internationales dans leurs projets strat\u00e9giques de d\u00e9veloppement, de transformation et d&rsquo;innovation. Son approche associe vision strat\u00e9gique, intelligence collective et excellence op\u00e9rationnelle dans <\/em><strong><em>le concept d\u2019entreprise sensible<\/em><sup>\u00a9<\/sup><em> <\/em><\/strong><em>afin de r\u00e9pondre aux d\u00e9fis complexes des organisations d&rsquo;aujourd&rsquo;hui.<\/em>&nbsp;<\/p>\n\n\n\n<p><\/p>\n\n\n\n<div class=\"wp-block-image\"><figure class=\"aligncenter is-resized\"><a href=\"https:\/\/b1-akt.com\/FR\/\" target=\"_blank\" rel=\"noopener\"><img loading=\"lazy\" src=\"https:\/\/b1-akt.com\/wp-content\/uploads\/2026\/08\/LogoB1-AKT-120x120-bord-blanc-1.jpg\" alt=\"\" class=\"wp-image-13100\" width=\"161\" height=\"161\"\/><\/a><\/figure><\/div>\n\n\n\n<p><strong><em>Neurodiversit\u00e9 #Diversit\u00e9Cognitive #LeadershipInclusif #ManagementInclusif #IntelligenceCollective #PerformanceOrganisationnelle #TransformationManag\u00e9riale #LeadershipResponsable #IntelligenceAugment\u00e9e #B1MindTheDifference<\/em><\/strong><\/p>\n\n\n\n<div class=\"wp-block-file\"><a href=\"https:\/\/b1-akt.com\/FR\/wp-content\/uploads\/2026\/09\/2026-09-02-AKT-Catalogue-formation-BE-ONE-MIND-CGV-4-1-2.pdf\"><strong><span class=\"has-inline-color has-luminous-vivid-orange-color\">CATALOGUE FORMATION B1-MIND<\/span><\/strong> <\/a><a href=\"https:\/\/b1-akt.com\/FR\/wp-content\/uploads\/2026\/09\/2026-09-02-AKT-Catalogue-formation-BE-ONE-MIND-CGV-4-1-2.pdf\" class=\"wp-block-file__button\" download>T\u00e9l\u00e9charger<\/a><\/div>\n\n\n\n<div class=\"wp-block-file alignleft\"><a href=\"https:\/\/b1-akt.com\/FR\/wp-content\/uploads\/2026\/09\/2026-27-Presentation-Coaching-et-Entreprise-sensible-1.pdf\"><span class=\"has-inline-color has-luminous-vivid-orange-color\"><strong>PR\u00c9SENTATION ENTREPRISE SENSIBLE ET COACHING<\/strong><\/span> <\/a><a href=\"https:\/\/b1-akt.com\/FR\/wp-content\/uploads\/2026\/09\/2026-27-Presentation-Coaching-et-Entreprise-sensible-1.pdf\" class=\"wp-block-file__button\" download>T\u00e9l\u00e9charger<\/a><\/div>\n\n\n\n<p><\/p>\n\n\n\n<p><\/p>\n\n\n\n<div style=\"height:11px\" aria-hidden=\"true\" class=\"wp-block-spacer\"><\/div>\n\n\n\n<p class=\"has-text-align-left\"><strong>PLUS D&rsquo;INFORMATION <em>: <\/em><\/strong><a rel=\"noreferrer noopener\" href=\"https:\/\/b1-akt.com\/FR\/neurodiversite-management-performance\/\" data-type=\"URL\" data-id=\"https:\/\/b1-akt.com\/FR\/neurodiversite-management-performance\/\" target=\"_blank\">https:\/\/b1-akt.com\/FR\/neurodiversite-management-performance\/<\/a><\/p>\n\n\n\n<p><\/p>\n\n\n\n<p><strong><em>ENGLISH INFORMATION<\/em><\/strong><\/p>\n\n\n\n<p><\/p>\n\n\n\n<p><strong>B1-AKT is proud to partner with Bipolarit\u00e9 France<\/strong> to advance a critical leadership agenda: placing <strong>mental health and neurodiversity<\/strong> at the heart of how organizations think about <strong>people, performance, and long-term resilience.<\/strong><\/p>\n\n\n\n<p>In an increasingly complex and demanding environment, recognizing the diversity of cognitive, emotional, and psychological realities is no longer simply a matter of awareness or inclusion. <strong>It is a leadership imperative and an increasingly important dimension of organizational performance.<\/strong> Organizations that create the conditions for different minds and perspectives to contribute fully are better positioned to unlock talent, broaden thinking, strengthen innovation and decision-making, deepen engagement, and <strong>build more adaptive and resilient teams.<\/strong><\/p>\n\n\n\n<p>As the workplace enters a new era of diversity, B1-AKT helps organizations navigate the convergence of cognitive diversity, neurodiversity, and Artificial Intelligence \u2014 redesigning leadership and ways of working so that different minds can engage with AI in different ways, reduce cognitive barriers, unlock human potential, and transform <strong>Human Intelligence \u00d7 Artificial Intelligence into Augmented Collective Intelligence.<\/strong><\/p>\n\n\n\n<p>Together, <strong>B1-AKT and Bipolarit\u00e9 France help organizations move decisively from awareness to action<\/strong> \u2014 challenging stigma, <strong>strengthening psychological safety<\/strong>, equipping leaders and managers with <strong>practical capabilities<\/strong>, and fostering cultures in which mental health and neurodiversity can be addressed with openness, intelligence, and responsibility.<\/p>\n\n\n\n<p>The ambition is not to ask individuals to conform to systems that were never designed for the full spectrum of human diversity. It is to <strong>build organizations capable of recognizing differences, enabling talent, and turning inclusion into collective strength.<\/strong> Because the organizations that will endure are those that understand a fundamental truth: <strong>human sustainability and organizational performance are not competing priorities. They reinforce one another.<\/strong><\/p>\n\n\n\n<p><strong>Healthier people. Stronger teams. Better leadership. More resilient organizations.<\/strong><\/p>\n\n\n\n<p><strong>Our purpose is clear: to make mental health and neurodiversity a strategic dimension of leadership, performance, and corporate responsibility.<\/strong><\/p>\n\n\n\n<p>Discover our program <strong>B1. MIND THE DIFFERENCE.<\/strong> <strong>A Global Program for Cognitive Diversity, Neurodiversity &amp; Organizational Performance<\/strong> \/ <strong>Contact:<\/strong> <a href=\"mailto:contact@b1-akt.com\">contact@b1-akt.com<\/a><\/p>\n\n\n\n<p><\/p>\n","protected":false},"excerpt":{"rendered":"<p>B1-AKT est fier de s\u2019associer \u00e0 Bipolarit\u00e9 France.&nbsp; Notre ambition commune : faire de la sant\u00e9 mentale et de la neurodiversit\u00e9 un facteur de leadership et de performance collective et&#8230;<\/p>\n","protected":false},"author":3,"featured_media":13059,"comment_status":"open","ping_status":"open","sticky":false,"template":"","format":"standard","meta":[],"categories":[47,14,8,40,32,29,48,19,41,43,50],"tags":[],"_links":{"self":[{"href":"https:\/\/b1-akt.com\/FR\/wp-json\/wp\/v2\/posts\/13056"}],"collection":[{"href":"https:\/\/b1-akt.com\/FR\/wp-json\/wp\/v2\/posts"}],"about":[{"href":"https:\/\/b1-akt.com\/FR\/wp-json\/wp\/v2\/types\/post"}],"author":[{"embeddable":true,"href":"https:\/\/b1-akt.com\/FR\/wp-json\/wp\/v2\/users\/3"}],"replies":[{"embeddable":true,"href":"https:\/\/b1-akt.com\/FR\/wp-json\/wp\/v2\/comments?post=13056"}],"version-history":[{"count":13,"href":"https:\/\/b1-akt.com\/FR\/wp-json\/wp\/v2\/posts\/13056\/revisions"}],"predecessor-version":[{"id":13200,"href":"https:\/\/b1-akt.com\/FR\/wp-json\/wp\/v2\/posts\/13056\/revisions\/13200"}],"wp:featuredmedia":[{"embeddable":true,"href":"https:\/\/b1-akt.com\/FR\/wp-json\/wp\/v2\/media\/13059"}],"wp:attachment":[{"href":"https:\/\/b1-akt.com\/FR\/wp-json\/wp\/v2\/media?parent=13056"}],"wp:term":[{"taxonomy":"category","embeddable":true,"href":"https:\/\/b1-akt.com\/FR\/wp-json\/wp\/v2\/categories?post=13056"},{"taxonomy":"post_tag","embeddable":true,"href":"https:\/\/b1-akt.com\/FR\/wp-json\/wp\/v2\/tags?post=13056"}],"curies":[{"name":"wp","href":"https:\/\/api.w.org\/{rel}","templated":true}]}}